{"id":620,"date":"2023-09-22T18:42:35","date_gmt":"2023-09-22T16:42:35","guid":{"rendered":"http:\/\/barjo-et-cie.be\/?p=620"},"modified":"2023-09-22T19:00:52","modified_gmt":"2023-09-22T17:00:52","slug":"les-barjos-2","status":"publish","type":"post","link":"https:\/\/barjo-et-cie.be\/index.php\/2023\/09\/22\/les-barjos-2\/","title":{"rendered":"Les Barjos"},"content":{"rendered":"\n<h2 class=\"wp-block-heading has-text-color has-extra-large-font-size\" style=\"color:#769e8e\"><strong>Les Barjos<\/strong><\/h2>\n\n\n\n<div class=\"wp-block-group has-background is-vertical is-layout-flex wp-container-core-group-is-layout-8cf370e7 wp-block-group-is-layout-flex\" style=\"background-color:#b7d1c7\">\n<div class=\"wp-block-media-text is-stacked-on-mobile is-vertically-aligned-top\" style=\"grid-template-columns:40% auto\"><figure class=\"wp-block-media-text__media\"><img loading=\"lazy\" decoding=\"async\" width=\"682\" height=\"1024\" src=\"http:\/\/barjo-et-cie.be\/wp-content\/uploads\/2022\/02\/lion-682x1024.jpg\" alt=\"\" class=\"wp-image-202 size-full\" srcset=\"https:\/\/barjo-et-cie.be\/wp-content\/uploads\/2022\/02\/lion-682x1024.jpg 682w, https:\/\/barjo-et-cie.be\/wp-content\/uploads\/2022\/02\/lion-200x300.jpg 200w, https:\/\/barjo-et-cie.be\/wp-content\/uploads\/2022\/02\/lion-768x1154.jpg 768w, https:\/\/barjo-et-cie.be\/wp-content\/uploads\/2022\/02\/lion-1022x1536.jpg 1022w, https:\/\/barjo-et-cie.be\/wp-content\/uploads\/2022\/02\/lion-1363x2048.jpg 1363w, https:\/\/barjo-et-cie.be\/wp-content\/uploads\/2022\/02\/lion-1568x2356.jpg 1568w, https:\/\/barjo-et-cie.be\/wp-content\/uploads\/2022\/02\/lion-scaled.jpg 1704w\" sizes=\"auto, (max-width: 682px) 100vw, 682px\" \/><\/figure><div class=\"wp-block-media-text__content\">\n<p><strong>Barth\u00e9l\u00e9my Manias<\/strong><\/p>\n\n\n\n<p class=\"has-extra-small-font-size\">N\u00e9 en France, Barth\u00e9l\u00e9my commence la danse \u00e0 l&rsquo;universit\u00e9 Lille 3 pendant ses \u00e9tudes d&rsquo;histoire de l&rsquo;art. Il y \u00e9tudie la danse africaine, jazz et contemporaine, suit des ateliers de danse et masterclasses avec Tomeo Verges, Mich\u00e8le-Anne De Mey, Robert Seyfried et Angelin Preljocaj.<\/p>\n\n\n\n<p class=\"has-extra-small-font-size\">En 2001, il int\u00e8gre la Compagnie Coline \u00e0 Istres o\u00f9 il danse le r\u00e9pertoire de Merce Cunnigham, Jean-Claude Gallotta et Bernard Glandier et les cr\u00e9ations de Mirjam Berns. Il suit l&rsquo;enseignement de Janet Panetta, Louise Burns, Angels Margarit et Fabrice Ramalingom pour qui il dansera <em>Dance Postural : Studies<\/em> en 2010.<\/p>\n\n\n\n<p class=\"has-extra-small-font-size\">Il travaille avec les chor\u00e9graphes fran\u00e7ais Sylvie B\u00e9daride, Sosana Marcelino, Mich\u00e8le Meftah, Eric Languet et Fr\u00e9d\u00e9ric Cell\u00e9 tout en continuant ses propres cr\u00e9ations : <em>En attendant un ange<\/em> et<em> Day-one.<\/em><\/p>\n\n\n\n<p class=\"has-extra-small-font-size\">En 2003 il travaille pour Mich\u00e8le Noiret sur <em>Territoires Intimes<\/em>, puis pour Fernando Martin pour qui il danse les pi\u00e8ces <em>Mordre \u00e0 travers<\/em>, <em>Quadrichromia en I.K.<\/em>,<em> Le r\u00eave parall\u00e8le &amp; pour apr\u00e8s<\/em>. Il interpr\u00e8te l&rsquo;un des Orph\u00e9es dans la pi\u00e8ce <em>O&amp;<\/em> de L\u00e9a Drouet.<\/p>\n\n\n\n<p class=\"has-extra-small-font-size\">En 2011, il int\u00e8gre la compagnie XL Production de Maria Clara Villalobos. De cette collaboration sorte les pi\u00e8ces <em>T\u00eates \u00e0 T\u00eates<\/em>, <em>Head On<\/em>, et <em>Mas-sacre<\/em>. Il reprend <em>M, une pi\u00e8ce moyenne<\/em> et continue avec <em>Camping Sauvage<\/em>.<\/p>\n\n\n\n<p class=\"has-extra-small-font-size\">En 2017, avec Johann, il co-cr\u00e9e la pi\u00e8ce pour enfants<em> Les 2 Astronautes<\/em> et la compagnie Barjo&amp;Cie. Puis en 2021<em> Bas les Pattes<\/em>.<\/p>\n\n\n\n<p class=\"has-extra-small-font-size\">Il enseigne la danse classique et anime des ateliers chor\u00e9graphies pour Dancing Kids (PARTS). Il fait de la sensibilisation \u00e0 la danse en maternelle.<\/p>\n<\/div><\/div>\n<\/div>\n\n\n\n<div class=\"wp-block-group has-background is-vertical is-layout-flex wp-container-core-group-is-layout-8cf370e7 wp-block-group-is-layout-flex\" style=\"background-color:#b7d1c7\">\n<div class=\"wp-block-media-text is-stacked-on-mobile is-vertically-aligned-top\" style=\"grid-template-columns:40% auto\"><figure class=\"wp-block-media-text__media\"><img loading=\"lazy\" decoding=\"async\" width=\"682\" height=\"1024\" src=\"http:\/\/barjo-et-cie.be\/wp-content\/uploads\/2022\/02\/Baslespattes-Fabrique-Stephen-Vincke-6-logo-682x1024.jpg\" alt=\"\" class=\"wp-image-303 size-full\" srcset=\"https:\/\/barjo-et-cie.be\/wp-content\/uploads\/2022\/02\/Baslespattes-Fabrique-Stephen-Vincke-6-logo-682x1024.jpg 682w, https:\/\/barjo-et-cie.be\/wp-content\/uploads\/2022\/02\/Baslespattes-Fabrique-Stephen-Vincke-6-logo-200x300.jpg 200w, https:\/\/barjo-et-cie.be\/wp-content\/uploads\/2022\/02\/Baslespattes-Fabrique-Stephen-Vincke-6-logo-768x1152.jpg 768w, https:\/\/barjo-et-cie.be\/wp-content\/uploads\/2022\/02\/Baslespattes-Fabrique-Stephen-Vincke-6-logo-1024x1536.jpg 1024w, https:\/\/barjo-et-cie.be\/wp-content\/uploads\/2022\/02\/Baslespattes-Fabrique-Stephen-Vincke-6-logo.jpg 1181w\" sizes=\"auto, (max-width: 682px) 100vw, 682px\" \/><\/figure><div class=\"wp-block-media-text__content\">\n<p class=\"has-large-font-size\"><strong>Johann Fourriere<\/strong><\/p>\n\n\n\n<p class=\"has-extra-small-font-size\">Nanc\u00e9ien de naissance, il d\u00e9bute la danse contemporaine \u00e0 l&rsquo;\u00e2ge de 15 ans. Il \u00e9largit son apprentissage avec le hip hop, les danses de salon, la danse africaine. Il prend des masterclasses avec Serge Ricci et Lola Keraly. <\/p>\n\n\n\n<p class=\"has-extra-small-font-size\">De 2001 \u00e0 2003, il int\u00e8gre la formation Coline \u00e0 Istres, o\u00f9 il \u00e9tudie le r\u00e9pertoire de Cunningham et danse dans les pi\u00e8ces de Mirjam Berns, Bernard Glandier, Jean-Claude Gallota, Thierry Niang et Michel K\u00e9l\u00e9m\u00e9nis. Il y suit les enseignements de Fabrice Ramalingom, Angels Margeritt, Janet Panetta.<\/p>\n\n\n\n<p class=\"has-extra-small-font-size\">Depuis 2003, il a dans\u00e9 pour le CCN-Ballet de Lorraine, la compagnie r\u00e9unionnaise Danses en l&rsquo;R-Eric Languet, Or&amp;Oran dance company \u00e0 Tel-Aviv, Sogni-DefDonkey \u00e0 Gand, Cindy Van Acker et Romeo Castellucci. Dans son ancien collectif \u00e0 Nancy, il fait ses premi\u00e8res cr\u00e9ations, <em>Day-One<\/em> avec Barth\u00e9l\u00e9my, <em>Tra\u00efsha<\/em>, <em>Pousse-toi<\/em>.<\/p>\n\n\n\n<p class=\"has-extra-small-font-size\">En 2017, il co-cr\u00e9e sa premi\u00e8re pi\u00e8ce jeune public <em>Les 2 Astronautes<\/em>. Il fonde la compagnie Barjo&amp;Cie. Puis en 2021, il co-signe la cr\u00e9ation <em>Bas les Pattes<\/em>.<\/p>\n\n\n\n<p class=\"has-extra-small-font-size\">Il anime des ateliers scolaires (de la maternelle au lyc\u00e9e), des cours et ateliers pour adultes et personnes handicap\u00e9es.<\/p>\n<\/div><\/div>\n<\/div>\n\n\n\n<div class=\"wp-block-group is-vertical is-layout-flex wp-container-core-group-is-layout-8cf370e7 wp-block-group-is-layout-flex\">\n<div class=\"wp-block-media-text is-stacked-on-mobile is-vertically-aligned-top has-background\" style=\"background-color:#b7d1c7;grid-template-columns:40% auto\"><figure class=\"wp-block-media-text__media\"><img loading=\"lazy\" decoding=\"async\" width=\"594\" height=\"1024\" src=\"http:\/\/barjo-et-cie.be\/wp-content\/uploads\/2023\/03\/P1030292-594x1024.jpg\" alt=\"\" class=\"wp-image-404 size-full\" srcset=\"https:\/\/barjo-et-cie.be\/wp-content\/uploads\/2023\/03\/P1030292-594x1024.jpg 594w, https:\/\/barjo-et-cie.be\/wp-content\/uploads\/2023\/03\/P1030292-174x300.jpg 174w, https:\/\/barjo-et-cie.be\/wp-content\/uploads\/2023\/03\/P1030292-768x1323.jpg 768w, https:\/\/barjo-et-cie.be\/wp-content\/uploads\/2023\/03\/P1030292-891x1536.jpg 891w, https:\/\/barjo-et-cie.be\/wp-content\/uploads\/2023\/03\/P1030292.jpg 990w\" sizes=\"auto, (max-width: 594px) 100vw, 594px\" \/><\/figure><div class=\"wp-block-media-text__content\">\n<p class=\"has-large-font-size\"><strong>Julie Querre<\/strong><\/p>\n\n\n\n<p class=\"has-extra-small-font-size\">N\u00e9e en 1992 \u00e0 Bordeaux, Julie commence la danse classique, jazz et contemporaine \u00e0 l&rsquo;\u00e2ge de 7 ans. Elle se sp\u00e9cialise en danse contemporaine au CNR de Bordeaux puis au CCN de Roubaix pour obtenir sa licence en danse au Conservatoire Royal d&rsquo;Anvers.<\/p>\n\n\n\n<p class=\"has-extra-small-font-size\">Pendant ses \u00e9tudes, Julie collabore avec les chor\u00e9graphes Inaki Azpillaga, Jelena Kostic, Koen de Preter, Agostina d&rsquo;Alessandro, la compagnie Martha!tentatief et David Hernandez.<\/p>\n\n\n\n<p class=\"has-extra-small-font-size\">Elle co-fonde avec Youri De Gussem la compagnie Zemiata.<\/p>\n\n\n\n<p class=\"has-extra-small-font-size\">Elle travaille pour les compagnies Jordi L Vidal, Ir\u00e8ne K, Corps Insitu, F\u00e9licette Chazerand, Th\u00e9\u00e2tre de la Guimbarde.<\/p>\n\n\n\n<p class=\"has-extra-small-font-size\">Parall\u00e8lement elle enseigne la danse contemporaine.<\/p>\n<\/div><\/div>\n<\/div>\n\n\n\n<div class=\"wp-block-group is-vertical is-layout-flex wp-container-core-group-is-layout-8cf370e7 wp-block-group-is-layout-flex\">\n<div class=\"wp-block-media-text is-stacked-on-mobile is-vertically-aligned-top has-background\" style=\"background-color:#b7d1c7;grid-template-columns:40% auto\"><figure class=\"wp-block-media-text__media\"><img loading=\"lazy\" decoding=\"async\" width=\"467\" height=\"491\" src=\"http:\/\/barjo-et-cie.be\/wp-content\/uploads\/2023\/03\/IMG_2293-1.jpg\" alt=\"\" class=\"wp-image-405 size-full\" srcset=\"https:\/\/barjo-et-cie.be\/wp-content\/uploads\/2023\/03\/IMG_2293-1.jpg 467w, https:\/\/barjo-et-cie.be\/wp-content\/uploads\/2023\/03\/IMG_2293-1-285x300.jpg 285w\" sizes=\"auto, (max-width: 467px) 100vw, 467px\" \/><\/figure><div class=\"wp-block-media-text__content\">\n<p class=\"has-large-font-size\" style=\"font-style:normal;font-weight:300\"><strong>Anna Senognoeva<\/strong><\/p>\n\n\n\n<p class=\"has-extra-small-font-size\">N\u00e9e en Russie, Anya fait ses \u00e9tudes au Conservatoire Royal d\u2019Anvers, o\u00f9 elle rencontre diff\u00e9rents chor\u00e9graphes et d\u00e9veloppe ses qualit\u00e9s techniques. Elle est stagiaire chez Ultima Vez.<\/p>\n\n\n\n<p class=\"has-extra-small-font-size\">Anya rejoint Eastman de Sidi Larbi pour les op\u00e9ras <em>Les Indes Galantes<\/em>, <em>Das Rheingold<\/em> et la tourn\u00e9e de <em>Babel<\/em>.<\/p>\n\n\n\n<p class=\"has-extra-small-font-size\">Elle donne des cours de danse classique et contemporaine, elle collabore \u00e9galement avec des artistes\/musiciens et cr\u00e9e <em>Cello and the reader<\/em>, le solo <em>Sur le Chemin<\/em> et continue de d\u00e9velopper sa vision artistique.<\/p>\n\n\n\n<p class=\"has-extra-small-font-size\">Derni\u00e8rement, Anya travaille avec Yentl de Werdt et fait la tourn\u00e9e du spectacle <em>Nomad<\/em> d&rsquo;Eastman.<\/p>\n<\/div><\/div>\n<\/div>\n\n\n\n<div class=\"wp-block-group is-vertical is-layout-flex wp-container-core-group-is-layout-8cf370e7 wp-block-group-is-layout-flex\">\n<div class=\"wp-block-media-text is-stacked-on-mobile is-vertically-aligned-top has-background\" style=\"background-color:#b7d1c7;grid-template-columns:40% auto\"><figure class=\"wp-block-media-text__media\"><img loading=\"lazy\" decoding=\"async\" width=\"355\" height=\"501\" src=\"http:\/\/barjo-et-cie.be\/wp-content\/uploads\/2022\/02\/nousch.png\" alt=\"\" class=\"wp-image-469 size-full\" srcset=\"https:\/\/barjo-et-cie.be\/wp-content\/uploads\/2022\/02\/nousch.png 355w, https:\/\/barjo-et-cie.be\/wp-content\/uploads\/2022\/02\/nousch-213x300.png 213w\" sizes=\"auto, (max-width: 355px) 100vw, 355px\" \/><\/figure><div class=\"wp-block-media-text__content\">\n<p class=\"has-large-font-size\" style=\"font-style:normal;font-weight:300\"><strong>Nousch Ruellan<\/strong><\/p>\n\n\n\n<p class=\"has-extra-small-font-size\">Emprunte d&rsquo;un univers esth\u00e9tique d\u00e9cal\u00e9 et absurde, Nousch est un hybride entre costumi\u00e8re, maquettiste, sc\u00e9nographe et accessoiriste. Elle puise son imaginaire dans la mati\u00e8re, cherchant des fa\u00e7ons de la d\u00e9tourner de sa fonction.<\/p>\n\n\n\n<p class=\"has-extra-small-font-size\">Apr\u00e8s un baccalaur\u00e9at STI arts appliqu\u00e9s et un BTS en design, elle entre \u00e0 l&rsquo;\u00e9cole des Beaux Arts de Rennes et poursuit avec un DMA costumier r\u00e9alisateur. Elles cr\u00e9e des mod\u00e8les pour Givenchy, des accessoires de cin\u00e9ma et de th\u00e9\u00e2tre.<\/p>\n\n\n\n<p class=\"has-extra-small-font-size\">A Paris et \u00e0 Bruxelles, Nousch con\u00e7oit et r\u00e9alise des costumes pour Philippe Genty, Martine Fontanille, Maria Clara Villalobos pour ses pi\u00e8ces jeune public <em>T\u00eates \u00e0 T\u00eates<\/em> et <em>Alex au pays des poubelles<\/em>.<\/p>\n\n\n\n<p class=\"has-extra-small-font-size\">Nousch met aussi en sc\u00e8ne des performances et spectacles courts, <em>Homnivart<\/em>, qui invite le public \u00e0 jouer avec ses cinq sens.<\/p>\n<\/div><\/div>\n<\/div>\n\n\n\n<div class=\"wp-block-group is-vertical is-layout-flex wp-container-core-group-is-layout-8cf370e7 wp-block-group-is-layout-flex\">\n<div class=\"wp-block-media-text is-stacked-on-mobile is-vertically-aligned-top has-background\" style=\"background-color:#b7d1c7;grid-template-columns:40% auto\"><figure class=\"wp-block-media-text__media\"><img loading=\"lazy\" decoding=\"async\" width=\"467\" height=\"466\" src=\"http:\/\/barjo-et-cie.be\/wp-content\/uploads\/2023\/03\/nixon.webp\" alt=\"\" class=\"wp-image-406 size-full\" srcset=\"https:\/\/barjo-et-cie.be\/wp-content\/uploads\/2023\/03\/nixon.webp 467w, https:\/\/barjo-et-cie.be\/wp-content\/uploads\/2023\/03\/nixon-300x300.webp 300w, https:\/\/barjo-et-cie.be\/wp-content\/uploads\/2023\/03\/nixon-150x150.webp 150w\" sizes=\"auto, (max-width: 467px) 100vw, 467px\" \/><\/figure><div class=\"wp-block-media-text__content\">\n<p class=\"has-large-font-size\"><strong>Nixon Fernandes<\/strong><\/p>\n\n\n\n<p class=\"has-extra-small-font-size\">N\u00e9 au Br\u00e9sil en 1972. Son travail de cr\u00e9ation d\u00e9bute en 2000 o\u00f9 il est tour \u00e0 tour \u00e9clairagiste, sc\u00e9nographe, d\u00e9corateur sonore ou assistant \u00e0 la mise en sc\u00e8ne pour le th\u00e9\u00e2tre avec Guy Pion, Fr\u00e9d\u00e9ric Dussenne, Pierre Laroche et la danse pour Claudio Bernardo, Cristina Diaz entre autres.<\/p>\n\n\n\n<p class=\"has-extra-small-font-size\">De 2007 \u00e0 2018, il est r\u00e9gisseur g\u00e9n\u00e9ral \u00e0 la Raffinerie &#8211; Charleroi Danse \/ centre chor\u00e9graphique de la F\u00e9d\u00e9ration Wallonie Bruxelles. <\/p>\n\n\n\n<p class=\"has-extra-small-font-size\">Pour le jeune public, il cr\u00e9e les lumi\u00e8res de Alles Geven (2002) pour Anne C\u00e9cile Massoni et Yannick Duret et pour la compagnie F\u00e9licette Chazerand.<\/p>\n\n\n\n<p class=\"has-extra-small-font-size\">En 2004, il cr\u00e9e le collectif CIL avec Barbara Rufin.<\/p>\n<\/div><\/div>\n<\/div>\n\n\n\n<div class=\"wp-block-group is-vertical is-layout-flex wp-container-core-group-is-layout-8cf370e7 wp-block-group-is-layout-flex\">\n<div class=\"wp-block-media-text is-stacked-on-mobile is-vertically-aligned-top has-background\" style=\"background-color:#b7d1c7;grid-template-columns:40% auto\"><figure class=\"wp-block-media-text__media\"><img loading=\"lazy\" decoding=\"async\" width=\"408\" height=\"408\" src=\"http:\/\/barjo-et-cie.be\/wp-content\/uploads\/2022\/02\/tom.jpeg\" alt=\"\" class=\"wp-image-473 size-full\" srcset=\"https:\/\/barjo-et-cie.be\/wp-content\/uploads\/2022\/02\/tom.jpeg 408w, https:\/\/barjo-et-cie.be\/wp-content\/uploads\/2022\/02\/tom-300x300.jpeg 300w, https:\/\/barjo-et-cie.be\/wp-content\/uploads\/2022\/02\/tom-150x150.jpeg 150w\" sizes=\"auto, (max-width: 408px) 100vw, 408px\" \/><\/figure><div class=\"wp-block-media-text__content\">\n<p class=\"has-large-font-size\" style=\"font-style:normal;font-weight:300\"><strong>Tom Vincke<\/strong><\/p>\n\n\n\n<p class=\"has-extra-small-font-size\">Bruxellois de naissance, Tom Vincke est dipl\u00f4m\u00e9 de l\u2019institut Saint Dominique de Schaerbeek. Amateur de basketball, escalade et menuiserie, Tom est Bricoleur et touche \u00e0 tout. Il ma\u00eetrise aussi bien la vid\u00e9o que la musique, enregistrement comme montage. A son \u00e9ventail de comp\u00e9tences il ne lui manquait que la lumi\u00e8re.<\/p>\n\n\n\n<p class=\"has-extra-small-font-size\">Apr\u00e8s sa formation en r\u00e9gisseur g\u00e9n\u00e9ral et lumi\u00e8re, il fait son stage au Th\u00e9\u00e2tre Marni \u00e0 Ixelles et encha\u00eene comme technicien son et lumi\u00e8re.Il travaille aussi avec d\u2019autres comme Marianne Casimir, Jean fran\u00e7ois Maun, Alexis Van Stratum (<em>Th\u00e9a &amp; the mugs<\/em>, <em>Avant\/Apr\u00e8s<\/em> et <em>Kafka<\/em>) et Michel Collidge (<em>Le fond de l\u2019air est toujours aussi froid<\/em>) pour le th\u00e9\u00e2tre, la compagnie Des Petits D\u00e9lices (<em>Maritime<\/em>), 2nd to the right (<em>Wawara<\/em>), <strong>Barjo&amp;Cie<\/strong> (<em>Les 2 Astronautes<\/em>), Cie 36-37 (<em>Humanima<\/em>) pour le jeune public.<\/p>\n<\/div><\/div>\n<\/div>\n\n\n\n<div class=\"wp-block-group is-vertical is-layout-flex wp-container-core-group-is-layout-8cf370e7 wp-block-group-is-layout-flex\">\n<div class=\"wp-block-media-text is-stacked-on-mobile is-vertically-aligned-top has-background\" style=\"background-color:#b7d1c7;grid-template-columns:40% auto\"><figure class=\"wp-block-media-text__media\"><img loading=\"lazy\" decoding=\"async\" width=\"1024\" height=\"1024\" src=\"http:\/\/barjo-et-cie.be\/wp-content\/uploads\/2022\/02\/flo-1024x1024.jpeg\" alt=\"\" class=\"wp-image-474 size-full\" srcset=\"https:\/\/barjo-et-cie.be\/wp-content\/uploads\/2022\/02\/flo-1024x1024.jpeg 1024w, https:\/\/barjo-et-cie.be\/wp-content\/uploads\/2022\/02\/flo-300x300.jpeg 300w, https:\/\/barjo-et-cie.be\/wp-content\/uploads\/2022\/02\/flo-150x150.jpeg 150w, https:\/\/barjo-et-cie.be\/wp-content\/uploads\/2022\/02\/flo-768x768.jpeg 768w, https:\/\/barjo-et-cie.be\/wp-content\/uploads\/2022\/02\/flo-1536x1536.jpeg 1536w, https:\/\/barjo-et-cie.be\/wp-content\/uploads\/2022\/02\/flo-1568x1568.jpeg 1568w, https:\/\/barjo-et-cie.be\/wp-content\/uploads\/2022\/02\/flo.jpeg 2000w\" sizes=\"auto, (max-width: 1024px) 100vw, 1024px\" \/><\/figure><div class=\"wp-block-media-text__content\">\n<p class=\"has-large-font-size\" style=\"font-style:normal;font-weight:300\"><strong>Florian Poullet<\/strong><\/p>\n\n\n\n<p class=\"has-extra-small-font-size\">Florian est n\u00e9 \u00e0 Bruxelles, il est dipl\u00f4m\u00e9 de Saint Luc en 2007 comme infographie animateur.<\/p>\n\n\n\n<p class=\"has-extra-small-font-size\">Il s&rsquo;\u00e9loigne de l&rsquo;animation pour se tourner vers le graphisme et l&rsquo;animation. C&rsquo;est un v\u00e9ritable touche \u00e0 tout, \u00e9clectique, dynamique et aventureux qui d\u00e9borde de cr\u00e9ativit\u00e9.<\/p>\n\n\n\n<p class=\"has-extra-small-font-size\">Il est tour \u00e0 tour peintre, sculpteur, photographe et couturier. Florian reste avant tout un cr\u00e9ateur d&rsquo;images. Ses influences vont de Tenniel \u00e0 Klimt, des comics des ann\u00e9es 50 aux animes des ann\u00e9es 90, de Burton \u00e0 Jeunet, de Caroll \u00e0 Miyazaki. Le merveilleux, l&rsquo;extraordinaire et la fantaisie \u00e9maillent son univers personnel et sont ses meilleures armes pour accomplir son dessein : nous faire r\u00eaver.<\/p>\n<\/div><\/div>\n<\/div>\n","protected":false},"excerpt":{"rendered":"<p>Les Barjos Barth\u00e9l\u00e9my Manias N\u00e9 en France, Barth\u00e9l\u00e9my commence la danse \u00e0 l&rsquo;universit\u00e9 Lille 3 pendant ses \u00e9tudes d&rsquo;histoire de l&rsquo;art. Il y \u00e9tudie la danse africaine, jazz et contemporaine, suit des ateliers de danse et masterclasses avec Tomeo Verges, Mich\u00e8le-Anne De Mey, Robert Seyfried et Angelin Preljocaj. En 2001, il int\u00e8gre la Compagnie Coline&hellip; <a class=\"more-link\" href=\"https:\/\/barjo-et-cie.be\/index.php\/2023\/09\/22\/les-barjos-2\/\">Poursuivre la lecture <span class=\"screen-reader-text\">Les Barjos<\/span><\/a><\/p>\n","protected":false},"author":1,"featured_media":0,"comment_status":"closed","ping_status":"","sticky":false,"template":"","format":"standard","meta":{"footnotes":""},"categories":[8],"tags":[],"class_list":["post-620","post","type-post","status-publish","format-standard","hentry","category-les-barjos","entry"],"_links":{"self":[{"href":"https:\/\/barjo-et-cie.be\/index.php\/wp-json\/wp\/v2\/posts\/620","targetHints":{"allow":["GET"]}}],"collection":[{"href":"https:\/\/barjo-et-cie.be\/index.php\/wp-json\/wp\/v2\/posts"}],"about":[{"href":"https:\/\/barjo-et-cie.be\/index.php\/wp-json\/wp\/v2\/types\/post"}],"author":[{"embeddable":true,"href":"https:\/\/barjo-et-cie.be\/index.php\/wp-json\/wp\/v2\/users\/1"}],"replies":[{"embeddable":true,"href":"https:\/\/barjo-et-cie.be\/index.php\/wp-json\/wp\/v2\/comments?post=620"}],"version-history":[{"count":7,"href":"https:\/\/barjo-et-cie.be\/index.php\/wp-json\/wp\/v2\/posts\/620\/revisions"}],"predecessor-version":[{"id":660,"href":"https:\/\/barjo-et-cie.be\/index.php\/wp-json\/wp\/v2\/posts\/620\/revisions\/660"}],"wp:attachment":[{"href":"https:\/\/barjo-et-cie.be\/index.php\/wp-json\/wp\/v2\/media?parent=620"}],"wp:term":[{"taxonomy":"category","embeddable":true,"href":"https:\/\/barjo-et-cie.be\/index.php\/wp-json\/wp\/v2\/categories?post=620"},{"taxonomy":"post_tag","embeddable":true,"href":"https:\/\/barjo-et-cie.be\/index.php\/wp-json\/wp\/v2\/tags?post=620"}],"curies":[{"name":"wp","href":"https:\/\/api.w.org\/{rel}","templated":true}]}}